{"id":10213,"date":"2023-10-31T21:46:52","date_gmt":"2023-10-31T20:46:52","guid":{"rendered":"https:\/\/www.enriquerequena.com\/non-classifiee\/transmisiones-o-cardan-de-ford-transit-de-dos-tramos\/"},"modified":"2023-10-31T21:47:13","modified_gmt":"2023-10-31T20:47:13","slug":"arbre-de-transmission-de-ford-transit-a-deux-pieces","status":"publish","type":"post","link":"https:\/\/www.enriquerequena.com\/fr\/arbre-de-transmission-de-ford-transit-a-deux-pieces\/","title":{"rendered":"Arbre de Transmission de Ford Transit \u00e0 Deux Pi\u00e8ces"},"content":{"rendered":"<div class=\"wpb-content-wrapper\"><p>[vc_row][vc_column][vc_column_text text_larger=\u00a0\u00bbno\u00a0\u00bb woodmart_inline=\u00a0\u00bbno\u00a0\u00bb]Nous distribuons des <a href=\"https:\/\/www.enriquerequena.com\/fr\/tienda-online\/arbre-transmission-cardan\/arbre-transmission-cardan-fourgons\/arbre-de-transmission-a-deux-pieces-ford-transit-long-2140-mm\/\"><strong>transmissions Ford Transit \u00e0 deux pi\u00e8ces<\/strong><\/a>, ces transmissions sont <strong>neuves<\/strong>, fabriqu\u00e9es <strong>en Espagne<\/strong> et avec une <strong>garantie d&rsquo;un an.<\/strong><\/p>\n<p>NON fabriqu\u00e9 en Chine. Nous avons <strong>15 mod\u00e8les,<\/strong> <strong>9 mod\u00e8les<\/strong> avec la structure <strong>\u00e0 deux pi\u00e8ces<\/strong><\/p>\n<p>N&rsquo;h\u00e9sitez pas \u00e0 nous appeler et \u00e0 consulter d&rsquo;autres mod\u00e8les de transmission ou cardan ford transit, <strong>69 ans d&rsquo;exp\u00e9rience<\/strong> garantissent notre professionnalisme dans cet article et nous avons la gamme la plus large de transmissions pour ce mod\u00e8le.[\/vc_column_text][\/vc_column][\/vc_row][vc_row][vc_column width=\u00a0\u00bb1\/2&Prime;][vc_single_image image=\u00a0\u00bb9995&Prime; img_size=\u00a0\u00bbfull\u00a0\u00bb parallax_scroll=\u00a0\u00bbno\u00a0\u00bb][\/vc_column][vc_column width=\u00a0\u00bb1\/2&Prime;][vc_column_text text_larger=\u00a0\u00bbno\u00a0\u00bb]- Pour trouver votre arbre de transmission<\/p>\n<p>&#8211; Regardez dans la photo d&rsquo;en-t\u00eate de l&rsquo;article le chiffre qui correspond au sch\u00e9ma de votre arbre transmission. V\u00e9rifiez les mesures et s\u00e9lectionnez le chiffre correspondant.<br \/>\n&#8211; Acc\u00e9dez au tableau avec les mesures que vous avez \u00e0 c\u00f4t\u00e9 et vous pouvez v\u00e9rifier les mesures de la figure s\u00e9lectionn\u00e9e.<br \/>\n&#8211; N&rsquo;h\u00e9sitez pas \u00e0 nous appeler si vous ne trouvez pas votre arbre de transmission \u00e0 deux pi\u00e8ces pour votre Ford Transit. Nous serons heureux de vous aider<br \/>\n&#8211; Il vous suffit de l&rsquo;acheter en ligne ou de nous appeler et dans deux ou trois jours, vous le recevrez dans votre atelier ou chez vous, toujours avec la qualit\u00e9 et l&rsquo;exp\u00e9rience que nous avons \u00e0 Enrique Requena.<\/p>\n<p>[\/vc_column_text][\/vc_column][\/vc_row][vc_row full_width=\u00a0\u00bbyes\u00a0\u00bb css_animation=\u00a0\u00bbnone\u00a0\u00bb color=\u00a0\u00bbdefault\u00a0\u00bb size=\u00a0\u00bbextra-large\u00a0\u00bb style=\u00a0\u00bbdefault\u00a0\u00bb shape=\u00a0\u00bbrectangle\u00a0\u00bb align=\u00a0\u00bbcenter\u00a0\u00bb color_scheme=\u00a0\u00bblight\u00a0\u00bb color_scheme_hover=\u00a0\u00bblight\u00a0\u00bb button_inline=\u00a0\u00bbyes\u00a0\u00bb title=\u00a0\u00bbBOTON DE LLAMADA A LA ACCI\u00d3N 249\u20ac\u00a0\u00bb link=\u00a0\u00bburl:https%3A%2F%2Fwww.enriquerequena.com%2F|title:TEXTO%20DEL%20ENLACE||\u00a0\u00bb woodmart_css_id=\u00a0\u00bb5e3d38c5bf517&Prime; el_class=\u00a0\u00bbcolor-boton-llamada-accion\u00a0\u00bb button_divider=\u00a0\u00bb\u00a0\u00bb layout_divider=\u00a0\u00bb\u00a0\u00bb idle_divider=\u00a0\u00bb\u00a0\u00bb bg_color=\u00a0\u00bb\u00a0\u00bb hover_divider=\u00a0\u00bb\u00a0\u00bb bg_color_hover=\u00a0\u00bb\u00a0\u00bb extra_divider=\u00a0\u00bb\u00a0\u00bb][\/vc_row][vc_column][\/vc_column]<div id=\"wd-61962b96e3500\" class=\" wd-rs-61962b96e3500  wd-button-wrapper text-center inline-element\"><a href=\"https:\/\/www.enriquerequena.com\/fr\/tienda-online\/arbre-transmission-cardan\/arbre-transmission-cardan-fourgons\/arbre-de-transmission-a-deux-pieces-ford-transit-long-2140-mm\/\" title=\"TEXTO DEL ENLACE\" class=\"btn btn-style-default btn-shape-rectangle btn-size-extra-large btn-full-width color-boton-llamada-accion\">ACHETEZ ICI VOTRE ARBRE DE TRANSMISSION POUR FORD TRANSIT<\/a><\/div>[vc_row][vc_column][vc_separator]\t\t\t<div class=\"wd-products-element wd-wpb with-title\">\n\t\t\t<h4 class=\"wd-el-title title element-title\">PRODUITS APPARENT\u00c9S<\/h4>\n\t\t\n\t\t\t\t\t<div class=\"products wd-products  grid-columns-3 elements-grid wd-grid-g wd-loop-builder-off title-line-two\" data-paged=\"1\" data-atts=\"{&quot;spacing&quot;:&quot;30&quot;,&quot;element_title&quot;:&quot;PRODUITS APPARENT\\u00c9S&quot;,&quot;taxonomies&quot;:&quot;4290, 3656&quot;,&quot;items_per_page&quot;:&quot;3&quot;,&quot;product_hover&quot;:&quot;standard&quot;,&quot;columns&quot;:&quot;3&quot;,&quot;sale_countdown&quot;:&quot;0&quot;,&quot;stock_progress_bar&quot;:&quot;0&quot;,&quot;highlighted_products&quot;:&quot;0&quot;,&quot;products_bordered_grid&quot;:&quot;0&quot;,&quot;orderby&quot;:&quot;rand&quot;,&quot;lazy_loading&quot;:&quot;yes&quot;,&quot;force_not_ajax&quot;:&quot;no&quot;}\" data-source=\"shortcode\" data-columns=\"3\" style=\"--wd-col-lg:3;--wd-col-md:3;--wd-col-sm:2;--wd-gap-lg:30px;--wd-gap-sm:10px;\">\n\t\t\t<div class=\"wd-product wd-col wd-hover-standard product-grid-item product type-product post-27510 status-publish instock product_cat-arbre-transmission-cardan product_cat-arbre-transmission-cardan-4x4 has-post-thumbnail taxable shipping-taxable purchasable product-type-simple\" data-loop=\"1\" data-id=\"27510\">\n\t<a href=\"https:\/\/www.enriquerequena.com\/fr\/tienda-online\/arbre-transmission-cardan\/arbre-transmission-cardan-4x4\/arbre-de-transmission-jeep-grand-cherokee-ii-52099498ae-52099498ad-52099498ab\/\" class=\"woocommerce-LoopProduct-link woocommerce-loop-product__link\">\n<div class=\"wd-product-wrapper product-wrapper\">\n\t<div class=\"wd-product-thumb product-element-top wd-quick-shop\">\n\t\t<a href=\"https:\/\/www.enriquerequena.com\/fr\/tienda-online\/arbre-transmission-cardan\/arbre-transmission-cardan-4x4\/arbre-de-transmission-jeep-grand-cherokee-ii-52099498ae-52099498ad-52099498ab\/\" class=\"wd-product-img-link product-image-link\" tabindex=\"-1\" aria-label=\"Arbre de transmission Jeep Grand Cherokee II &#8211; 52099498AE \/ 52099498AD \/ 52099498AB\">\n\t\t\t\t\t\t<div class=\"product-labels labels-rectangular\">\n\t\t\t\t<span class=\"attribute-label product-label wd-shape-rect-sm label-term-jeep label-attribute-pa_manufacturer\">Jeep<\/span>\t\t\t<\/div>\n\t\t\t<img decoding=\"async\" width=\"600\" height=\"600\" src=\"https:\/\/www.enriquerequena.com\/wp-content\/uploads\/2023\/04\/transmision-jeep-grand-cherokee-ii-52099498AE-52099498AD-52099498AB-600x600.png\" class=\"attachment-woocommerce_thumbnail size-woocommerce_thumbnail\" alt=\"Arbre de transmission pour Jeep Grand Cherokee II avec r\u00e9f\u00e9rences 52099498AE, 52099498AD et 52099498AB.\" srcset=\"https:\/\/www.enriquerequena.com\/wp-content\/uploads\/2023\/04\/transmision-jeep-grand-cherokee-ii-52099498AE-52099498AD-52099498AB-600x600.png 600w, https:\/\/www.enriquerequena.com\/wp-content\/uploads\/2023\/04\/transmision-jeep-grand-cherokee-ii-52099498AE-52099498AD-52099498AB-300x300.png 300w, https:\/\/www.enriquerequena.com\/wp-content\/uploads\/2023\/04\/transmision-jeep-grand-cherokee-ii-52099498AE-52099498AD-52099498AB-150x150.png 150w, https:\/\/www.enriquerequena.com\/wp-content\/uploads\/2023\/04\/transmision-jeep-grand-cherokee-ii-52099498AE-52099498AD-52099498AB-768x768.png 768w, https:\/\/www.enriquerequena.com\/wp-content\/uploads\/2023\/04\/transmision-jeep-grand-cherokee-ii-52099498AE-52099498AD-52099498AB.png 800w\" sizes=\"(max-width: 600px) 100vw, 600px\" \/>\t\t<\/a>\n\n\t\t\n\t\t<div class=\"wd-buttons wd-pos-r-t\">\n\t\t\t\t\t\t\t\t\t\t\t<div class=\"wd-quick-view-btn wd-quick-view-icon wd-action-btn wd-style-icon\">\n\t\t\t<a\n\t\t\t\thref=\"https:\/\/www.enriquerequena.com\/fr\/tienda-online\/arbre-transmission-cardan\/arbre-transmission-cardan-4x4\/arbre-de-transmission-jeep-grand-cherokee-ii-52099498ae-52099498ad-52099498ab\/\"\n\t\t\t\tclass=\"open-quick-view\"\n\t\t\t\trel=\"nofollow\"\n\t\t\t\tdata-id=\"27510\"\n\t\t\t\t>\n\t\t\t\t\t<span class=\"wd-action-icon\"><\/span>\n\t\t\t\t\t<span class=\"wd-action-text\">\n\t\t\t\t\t\tQuick view\t\t\t\t\t<\/span>\n\t\t\t<\/a>\n\t\t<\/div>\n\t\t\t\t\t\t\t<\/div>\n\t<\/div>\n\n\t\n\t\n\t<h3 class=\"wd-entities-title\"><a href=\"https:\/\/www.enriquerequena.com\/fr\/tienda-online\/arbre-transmission-cardan\/arbre-transmission-cardan-4x4\/arbre-de-transmission-jeep-grand-cherokee-ii-52099498ae-52099498ad-52099498ab\/\">Arbre de transmission Jeep Grand Cherokee II &#8211; 52099498AE \/ 52099498AD \/ 52099498AB<\/a><\/h3>\n\t\t\t\t\t\t\n\t\n\t<span class=\"price\"><span class=\"woocommerce-Price-amount amount\"><bdi>249,00<span class=\"woocommerce-Price-currencySymbol\">&euro;<\/span><\/bdi><\/span> <small class=\"woocommerce-price-suffix\">TVA EXCL. <span class=\"woocommerce-Price-amount amount\"><bdi>301,29<span class=\"woocommerce-Price-currencySymbol\">&euro;<\/span><\/bdi><\/span> TVA INCL.<\/small><\/span>\n\n\t<div class=\"wd-add-btn wd-add-btn-replace\">\n\t\t\n\t\t<span aria-describedby=\"woocommerce_loop_add_to_cart_link_describedby_27510\"data-quantity=\"1\"data-product_id=\"27510\"data-product_sku=\"52099498AE\"aria-label=\"Ajouter au panier\u00a0: \u201cArbre de transmission Jeep Grand Cherokee II - 52099498AE \/ 52099498AD \/ 52099498AB\u201d\"data-success_message=\"\u00ab\u00a0Arbre de transmission Jeep Grand Cherokee II - 52099498AE \/ 52099498AD \/ 52099498AB\u00a0\u00bb a \u00e9t\u00e9 ajout\u00e9 \u00e0 votre panier\" class=\"button product_type_simple add_to_cart_button ajax_add_to_cart add-to-cart-loop ljoptimizer\" data-loc=\"L2ZyL3dwLWpzb24vd3AvdjIvcG9zdHMvMTAyMTM%2FYWRkLXRvLWNhcnQ9Mjc1MTA%3D\" data-window=\"\"><span class=\"wd-action-icon\"><span class=\"wd-check-icon\"><\/span><\/span><span class=\"wd-action-text\">Ajouter au panier<\/span><\/span>\t<span id=\"woocommerce_loop_add_to_cart_link_describedby_27510\" class=\"screen-reader-text\">\n\t\t\t<\/span>\n\t<\/div>\n\n\t<span class=\"gtm4wp_productdata\" style=\"display:none; visibility:hidden;\" data-gtm4wp_product_data=\"{&quot;internal_id&quot;:27510,&quot;item_id&quot;:27510,&quot;item_name&quot;:&quot;Arbre de transmission Jeep Grand Cherokee II - 52099498AE \\\/ 52099498AD \\\/ 52099498AB&quot;,&quot;sku&quot;:&quot;52099498AE&quot;,&quot;price&quot;:249,&quot;stocklevel&quot;:null,&quot;stockstatus&quot;:&quot;instock&quot;,&quot;google_business_vertical&quot;:&quot;retail&quot;,&quot;item_category&quot;:&quot;Arbre de transmission \\u00e0 cardan&quot;,&quot;id&quot;:27510,&quot;productlink&quot;:&quot;https:\\\/\\\/www.enriquerequena.com\\\/fr\\\/tienda-online\\\/arbre-transmission-cardan\\\/arbre-transmission-cardan-4x4\\\/arbre-de-transmission-jeep-grand-cherokee-ii-52099498ae-52099498ad-52099498ab\\\/&quot;,&quot;item_list_name&quot;:&quot;Liste g\\u00e9n\\u00e9rale des produits&quot;,&quot;index&quot;:2,&quot;product_type&quot;:&quot;simple&quot;,&quot;item_brand&quot;:&quot;&quot;}\"><\/span><\/a>\n\t\n\t\t<\/div>\n<\/div>\n<div class=\"wd-product wd-col wd-hover-standard product-grid-item product type-product post-27379 status-publish last instock product_cat-arbre-transmission-cardan product_cat-arbre-transmission-cardan-4x4 has-post-thumbnail taxable shipping-taxable purchasable product-type-simple\" data-loop=\"2\" data-id=\"27379\">\n\t<a href=\"https:\/\/www.enriquerequena.com\/fr\/tienda-online\/arbre-transmission-cardan\/arbre-transmission-cardan-4x4\/arbre-de-transmission-bmw-x5-x6-26107589129\/\" class=\"woocommerce-LoopProduct-link woocommerce-loop-product__link\">\n<div class=\"wd-product-wrapper product-wrapper\">\n\t<div class=\"wd-product-thumb product-element-top wd-quick-shop\">\n\t\t<a href=\"https:\/\/www.enriquerequena.com\/fr\/tienda-online\/arbre-transmission-cardan\/arbre-transmission-cardan-4x4\/arbre-de-transmission-bmw-x5-x6-26107589129\/\" class=\"wd-product-img-link product-image-link\" tabindex=\"-1\" aria-label=\"Arbre de transmission BMW X5 et X6 &#8211; 26107589129\">\n\t\t\t\t\t\t<div class=\"product-labels labels-rectangular\">\n\t\t\t\t<span class=\"attribute-label product-label wd-shape-rect-sm label-term-bmw label-attribute-pa_manufacturer\">BMW<\/span>\t\t\t<\/div>\n\t\t\t<img decoding=\"async\" width=\"600\" height=\"600\" src=\"https:\/\/www.enriquerequena.com\/wp-content\/uploads\/2023\/04\/transmision-cardan-central-bmw-x5-x6-26107589129-600x600.png\" class=\"attachment-woocommerce_thumbnail size-woocommerce_thumbnail\" alt=\"Arbre de transmission pour BMW X5 et X6 avec r\u00e9f\u00e9rence\u00a026107589129.\" srcset=\"https:\/\/www.enriquerequena.com\/wp-content\/uploads\/2023\/04\/transmision-cardan-central-bmw-x5-x6-26107589129-600x600.png 600w, https:\/\/www.enriquerequena.com\/wp-content\/uploads\/2023\/04\/transmision-cardan-central-bmw-x5-x6-26107589129-300x300.png 300w, https:\/\/www.enriquerequena.com\/wp-content\/uploads\/2023\/04\/transmision-cardan-central-bmw-x5-x6-26107589129-150x150.png 150w, https:\/\/www.enriquerequena.com\/wp-content\/uploads\/2023\/04\/transmision-cardan-central-bmw-x5-x6-26107589129-768x768.png 768w, https:\/\/www.enriquerequena.com\/wp-content\/uploads\/2023\/04\/transmision-cardan-central-bmw-x5-x6-26107589129.png 800w\" sizes=\"(max-width: 600px) 100vw, 600px\" \/>\t\t<\/a>\n\n\t\t\n\t\t<div class=\"wd-buttons wd-pos-r-t\">\n\t\t\t\t\t\t\t\t\t\t\t<div class=\"wd-quick-view-btn wd-quick-view-icon wd-action-btn wd-style-icon\">\n\t\t\t<a\n\t\t\t\thref=\"https:\/\/www.enriquerequena.com\/fr\/tienda-online\/arbre-transmission-cardan\/arbre-transmission-cardan-4x4\/arbre-de-transmission-bmw-x5-x6-26107589129\/\"\n\t\t\t\tclass=\"open-quick-view\"\n\t\t\t\trel=\"nofollow\"\n\t\t\t\tdata-id=\"27379\"\n\t\t\t\t>\n\t\t\t\t\t<span class=\"wd-action-icon\"><\/span>\n\t\t\t\t\t<span class=\"wd-action-text\">\n\t\t\t\t\t\tQuick view\t\t\t\t\t<\/span>\n\t\t\t<\/a>\n\t\t<\/div>\n\t\t\t\t\t\t\t<\/div>\n\t<\/div>\n\n\t\n\t\n\t<h3 class=\"wd-entities-title\"><a href=\"https:\/\/www.enriquerequena.com\/fr\/tienda-online\/arbre-transmission-cardan\/arbre-transmission-cardan-4x4\/arbre-de-transmission-bmw-x5-x6-26107589129\/\">Arbre de transmission BMW X5 et X6 &#8211; 26107589129<\/a><\/h3>\n\t\t\t\t\t\t\n\t\n\t<span class=\"price\"><span class=\"woocommerce-Price-amount amount\"><bdi>395,00<span class=\"woocommerce-Price-currencySymbol\">&euro;<\/span><\/bdi><\/span> <small class=\"woocommerce-price-suffix\">TVA EXCL. <span class=\"woocommerce-Price-amount amount\"><bdi>477,95<span class=\"woocommerce-Price-currencySymbol\">&euro;<\/span><\/bdi><\/span> TVA INCL.<\/small><\/span>\n\n\t<div class=\"wd-add-btn wd-add-btn-replace\">\n\t\t\n\t\t<span aria-describedby=\"woocommerce_loop_add_to_cart_link_describedby_27379\"data-quantity=\"1\"data-product_id=\"27379\"data-product_sku=\"26107589129\"aria-label=\"Ajouter au panier\u00a0: \u201cArbre de transmission BMW X5 et X6 - 26107589129\u201d\"data-success_message=\"\u00ab\u00a0Arbre de transmission BMW X5 et X6 - 26107589129\u00a0\u00bb a \u00e9t\u00e9 ajout\u00e9 \u00e0 votre panier\" class=\"button product_type_simple add_to_cart_button ajax_add_to_cart add-to-cart-loop ljoptimizer\" data-loc=\"L2ZyL3dwLWpzb24vd3AvdjIvcG9zdHMvMTAyMTM%2FYWRkLXRvLWNhcnQ9MjczNzk%3D\" data-window=\"\"><span class=\"wd-action-icon\"><span class=\"wd-check-icon\"><\/span><\/span><span class=\"wd-action-text\">Ajouter au panier<\/span><\/span>\t<span id=\"woocommerce_loop_add_to_cart_link_describedby_27379\" class=\"screen-reader-text\">\n\t\t\t<\/span>\n\t<\/div>\n\n\t<span class=\"gtm4wp_productdata\" style=\"display:none; visibility:hidden;\" data-gtm4wp_product_data=\"{&quot;internal_id&quot;:27379,&quot;item_id&quot;:27379,&quot;item_name&quot;:&quot;Arbre de transmission BMW X5 et X6 - 26107589129&quot;,&quot;sku&quot;:&quot;26107589129&quot;,&quot;price&quot;:395,&quot;stocklevel&quot;:null,&quot;stockstatus&quot;:&quot;instock&quot;,&quot;google_business_vertical&quot;:&quot;retail&quot;,&quot;item_category&quot;:&quot;Arbre de transmission \\u00e0 cardan&quot;,&quot;id&quot;:27379,&quot;productlink&quot;:&quot;https:\\\/\\\/www.enriquerequena.com\\\/fr\\\/tienda-online\\\/arbre-transmission-cardan\\\/arbre-transmission-cardan-4x4\\\/arbre-de-transmission-bmw-x5-x6-26107589129\\\/&quot;,&quot;item_list_name&quot;:&quot;Liste g\\u00e9n\\u00e9rale des produits&quot;,&quot;index&quot;:3,&quot;product_type&quot;:&quot;simple&quot;,&quot;item_brand&quot;:&quot;&quot;}\"><\/span><\/a>\n\t\n\t\t<\/div>\n<\/div>\n<div class=\"wd-product wd-col wd-hover-standard product-grid-item product type-product post-30178 status-publish first instock product_cat-direction product_cat-pieces-detachees-de-remplacement-direction-essieux product_cat-durites-direction-assistee product_cat-pieces-rechange-camions has-post-thumbnail taxable shipping-taxable purchasable product-type-simple\" data-loop=\"3\" data-id=\"30178\">\n\t<a href=\"https:\/\/www.enriquerequena.com\/fr\/tienda-online\/pieces-detachees-de-remplacement-direction-essieux\/durites-direction-assistee\/tuyau-de-direction-assistee-renault-maxity-7485141351\/\" class=\"woocommerce-LoopProduct-link woocommerce-loop-product__link\">\n<div class=\"wd-product-wrapper product-wrapper\">\n\t<div class=\"wd-product-thumb product-element-top wd-quick-shop\">\n\t\t<a href=\"https:\/\/www.enriquerequena.com\/fr\/tienda-online\/pieces-detachees-de-remplacement-direction-essieux\/durites-direction-assistee\/tuyau-de-direction-assistee-renault-maxity-7485141351\/\" class=\"wd-product-img-link product-image-link\" tabindex=\"-1\" aria-label=\"Tuyau de Direction Assist\u00e9e Renault Maxity 7485141351\">\n\t\t\t\t\t\t<div class=\"product-labels labels-rectangular\">\n\t\t\t\t<span class=\"attribute-label product-label wd-shape-rect-sm label-term-renault label-attribute-pa_manufacturer\">Renault<\/span>\t\t\t<\/div>\n\t\t\t<img decoding=\"async\" width=\"600\" height=\"600\" src=\"https:\/\/www.enriquerequena.com\/wp-content\/uploads\/2024\/07\/Tubo-Servodireccion-Nissan-Cabstar-49710LC60C-49710LC20C-600x600.jpg\" class=\"attachment-woocommerce_thumbnail size-woocommerce_thumbnail\" alt=\"Tuyau de Direction Assist\u00e9e Renault Maxity 748514135151\" srcset=\"https:\/\/www.enriquerequena.com\/wp-content\/uploads\/2024\/07\/Tubo-Servodireccion-Nissan-Cabstar-49710LC60C-49710LC20C-600x600.jpg 600w, https:\/\/www.enriquerequena.com\/wp-content\/uploads\/2024\/07\/Tubo-Servodireccion-Nissan-Cabstar-49710LC60C-49710LC20C-300x300.jpg 300w, https:\/\/www.enriquerequena.com\/wp-content\/uploads\/2024\/07\/Tubo-Servodireccion-Nissan-Cabstar-49710LC60C-49710LC20C-150x150.jpg 150w, https:\/\/www.enriquerequena.com\/wp-content\/uploads\/2024\/07\/Tubo-Servodireccion-Nissan-Cabstar-49710LC60C-49710LC20C-768x768.jpg 768w, https:\/\/www.enriquerequena.com\/wp-content\/uploads\/2024\/07\/Tubo-Servodireccion-Nissan-Cabstar-49710LC60C-49710LC20C.jpg 800w\" sizes=\"(max-width: 600px) 100vw, 600px\" \/>\t\t<\/a>\n\n\t\t\n\t\t<div class=\"wd-buttons wd-pos-r-t\">\n\t\t\t\t\t\t\t\t\t\t\t<div class=\"wd-quick-view-btn wd-quick-view-icon wd-action-btn wd-style-icon\">\n\t\t\t<a\n\t\t\t\thref=\"https:\/\/www.enriquerequena.com\/fr\/tienda-online\/pieces-detachees-de-remplacement-direction-essieux\/durites-direction-assistee\/tuyau-de-direction-assistee-renault-maxity-7485141351\/\"\n\t\t\t\tclass=\"open-quick-view\"\n\t\t\t\trel=\"nofollow\"\n\t\t\t\tdata-id=\"30178\"\n\t\t\t\t>\n\t\t\t\t\t<span class=\"wd-action-icon\"><\/span>\n\t\t\t\t\t<span class=\"wd-action-text\">\n\t\t\t\t\t\tQuick view\t\t\t\t\t<\/span>\n\t\t\t<\/a>\n\t\t<\/div>\n\t\t\t\t\t\t\t<\/div>\n\t<\/div>\n\n\t\n\t\n\t<h3 class=\"wd-entities-title\"><a href=\"https:\/\/www.enriquerequena.com\/fr\/tienda-online\/pieces-detachees-de-remplacement-direction-essieux\/durites-direction-assistee\/tuyau-de-direction-assistee-renault-maxity-7485141351\/\">Tuyau de Direction Assist\u00e9e Renault Maxity 7485141351<\/a><\/h3>\n\t\t\t\t\t\t\n\t\n\t<span class=\"price\"><span class=\"woocommerce-Price-amount amount\"><bdi>295,00<span class=\"woocommerce-Price-currencySymbol\">&euro;<\/span><\/bdi><\/span> <small class=\"woocommerce-price-suffix\">TVA EXCL. <span class=\"woocommerce-Price-amount amount\"><bdi>356,95<span class=\"woocommerce-Price-currencySymbol\">&euro;<\/span><\/bdi><\/span> TVA INCL.<\/small><\/span>\n\n\t<div class=\"wd-add-btn wd-add-btn-replace\">\n\t\t\n\t\t<span aria-describedby=\"woocommerce_loop_add_to_cart_link_describedby_30178\"data-quantity=\"1\"data-product_id=\"30178\"data-product_sku=\"7485141351\"aria-label=\"Ajouter au panier\u00a0: \u201cTuyau de Direction Assist\u00e9e Renault Maxity 7485141351\u201d\"data-success_message=\"\u00ab\u00a0Tuyau de Direction Assist\u00e9e Renault Maxity 7485141351\u00a0\u00bb a \u00e9t\u00e9 ajout\u00e9 \u00e0 votre panier\" class=\"button product_type_simple add_to_cart_button ajax_add_to_cart add-to-cart-loop ljoptimizer\" data-loc=\"L2ZyL3dwLWpzb24vd3AvdjIvcG9zdHMvMTAyMTM%2FYWRkLXRvLWNhcnQ9MzAxNzg%3D\" data-window=\"\"><span class=\"wd-action-icon\"><span class=\"wd-check-icon\"><\/span><\/span><span class=\"wd-action-text\">Ajouter au panier<\/span><\/span>\t<span id=\"woocommerce_loop_add_to_cart_link_describedby_30178\" class=\"screen-reader-text\">\n\t\t\t<\/span>\n\t<\/div>\n\n\t<span class=\"gtm4wp_productdata\" style=\"display:none; visibility:hidden;\" data-gtm4wp_product_data=\"{&quot;internal_id&quot;:30178,&quot;item_id&quot;:30178,&quot;item_name&quot;:&quot;Tuyau de Direction Assist\\u00e9e Renault Maxity 7485141351&quot;,&quot;sku&quot;:&quot;7485141351&quot;,&quot;price&quot;:295,&quot;stocklevel&quot;:null,&quot;stockstatus&quot;:&quot;instock&quot;,&quot;google_business_vertical&quot;:&quot;retail&quot;,&quot;item_category&quot;:&quot;Pi\\u00e8ces de Rechanges pour Camion&quot;,&quot;id&quot;:30178,&quot;productlink&quot;:&quot;https:\\\/\\\/www.enriquerequena.com\\\/fr\\\/tienda-online\\\/pieces-detachees-de-remplacement-direction-essieux\\\/durites-direction-assistee\\\/tuyau-de-direction-assistee-renault-maxity-7485141351\\\/&quot;,&quot;item_list_name&quot;:&quot;Liste g\\u00e9n\\u00e9rale des produits&quot;,&quot;index&quot;:4,&quot;product_type&quot;:&quot;simple&quot;,&quot;item_brand&quot;:&quot;&quot;}\"><\/span><\/a>\n\t\n\t\t<\/div>\n<\/div>\n\t\t\t<\/div>\n\t\t\t<\/div>[\/vc_column][\/vc_row]<\/p>\n<\/div>","protected":false},"excerpt":{"rendered":"<p>[vc_row][vc_column][vc_column_text text_larger=\u00a0\u00bbno\u00a0\u00bb woodmart_inline=\u00a0\u00bbno\u00a0\u00bb]Nous distribuons des transmissions Ford Transit \u00e0 deux pi\u00e8ces, ces transmissions sont neuves, fabriqu\u00e9es en Espagne et avec<\/p>\n","protected":false},"author":16,"featured_media":18224,"comment_status":"closed","ping_status":"open","sticky":false,"template":"","format":"standard","meta":{"footnotes":""},"categories":[3466],"tags":[],"class_list":["post-10213","post","type-post","status-publish","format-standard","has-post-thumbnail","hentry","category-offres-nouveautes"],"yoast_head":"<!-- This site is optimized with the Yoast SEO plugin v27.5 - https:\/\/yoast.com\/product\/yoast-seo-wordpress\/ -->\n<title>Arbres de Transmission Ford Transit \u00e0 Deux Pi\u00e8ces - Enrique Requena<\/title>\n<meta name=\"description\" content=\"Arbre de transmission pour Ford Transit \u00e0 Deux Pi\u00e8ces. Ces transmissions sont neuves, fabriqu\u00e9es en Espagne et avec une garantie d&#039;un an.\" \/>\n<meta name=\"robots\" content=\"index, follow, max-snippet:-1, max-image-preview:large, max-video-preview:-1\" \/>\n<link rel=\"canonical\" href=\"https:\/\/www.enriquerequena.com\/fr\/arbre-de-transmission-de-ford-transit-a-deux-pieces\/\" \/>\n<meta property=\"og:locale\" content=\"fr_FR\" \/>\n<meta property=\"og:type\" content=\"article\" \/>\n<meta property=\"og:title\" content=\"Arbres de Transmission Ford Transit \u00e0 Deux Pi\u00e8ces - Enrique Requena\" \/>\n<meta property=\"og:description\" content=\"Arbre de transmission pour Ford Transit \u00e0 Deux Pi\u00e8ces. Ces transmissions sont neuves, fabriqu\u00e9es en Espagne et avec une garantie d&#039;un an.\" \/>\n<meta property=\"og:url\" content=\"https:\/\/www.enriquerequena.com\/fr\/arbre-de-transmission-de-ford-transit-a-deux-pieces\/\" \/>\n<meta property=\"og:site_name\" content=\"ENRIQUE REQUENA\" \/>\n<meta property=\"article:published_time\" content=\"2023-10-31T20:46:52+00:00\" \/>\n<meta property=\"article:modified_time\" content=\"2023-10-31T20:47:13+00:00\" \/>\n<meta property=\"og:image\" content=\"https:\/\/www.enriquerequena.com\/wp-content\/uploads\/2020\/02\/arbre-de-tansmission-ford-transit-deux-pieces.jpg\" \/>\n\t<meta property=\"og:image:width\" content=\"1200\" \/>\n\t<meta property=\"og:image:height\" content=\"675\" \/>\n\t<meta property=\"og:image:type\" content=\"image\/jpeg\" \/>\n<meta name=\"author\" content=\"Enrique Requena SL\" \/>\n<meta name=\"twitter:card\" content=\"summary_large_image\" \/>\n<meta name=\"twitter:label1\" content=\"\u00c9crit par\" \/>\n\t<meta name=\"twitter:data1\" content=\"Enrique Requena SL\" \/>\n\t<meta name=\"twitter:label2\" content=\"Dur\u00e9e de lecture estim\u00e9e\" \/>\n\t<meta name=\"twitter:data2\" content=\"2 minutes\" \/>\n<script type=\"application\/ld+json\" class=\"yoast-schema-graph\">{\"@context\":\"https:\\\/\\\/schema.org\",\"@graph\":[{\"@type\":\"Article\",\"@id\":\"https:\\\/\\\/www.enriquerequena.com\\\/fr\\\/arbre-de-transmission-de-ford-transit-a-deux-pieces\\\/#article\",\"isPartOf\":{\"@id\":\"https:\\\/\\\/www.enriquerequena.com\\\/fr\\\/arbre-de-transmission-de-ford-transit-a-deux-pieces\\\/\"},\"author\":{\"name\":\"Enrique Requena SL\",\"@id\":\"https:\\\/\\\/www.enriquerequena.com\\\/fr\\\/#\\\/schema\\\/person\\\/9c119325b138fa7bddb729030b938fcd\"},\"headline\":\"Arbre de Transmission de Ford Transit \u00e0 Deux Pi\u00e8ces\",\"datePublished\":\"2023-10-31T20:46:52+00:00\",\"dateModified\":\"2023-10-31T20:47:13+00:00\",\"mainEntityOfPage\":{\"@id\":\"https:\\\/\\\/www.enriquerequena.com\\\/fr\\\/arbre-de-transmission-de-ford-transit-a-deux-pieces\\\/\"},\"wordCount\":454,\"publisher\":{\"@id\":\"https:\\\/\\\/www.enriquerequena.com\\\/fr\\\/#organization\"},\"image\":{\"@id\":\"https:\\\/\\\/www.enriquerequena.com\\\/fr\\\/arbre-de-transmission-de-ford-transit-a-deux-pieces\\\/#primaryimage\"},\"thumbnailUrl\":\"https:\\\/\\\/www.enriquerequena.com\\\/wp-content\\\/uploads\\\/2020\\\/02\\\/arbre-de-tansmission-ford-transit-deux-pieces.jpg\",\"articleSection\":[\"Blog\"],\"inLanguage\":\"fr-FR\"},{\"@type\":\"WebPage\",\"@id\":\"https:\\\/\\\/www.enriquerequena.com\\\/fr\\\/arbre-de-transmission-de-ford-transit-a-deux-pieces\\\/\",\"url\":\"https:\\\/\\\/www.enriquerequena.com\\\/fr\\\/arbre-de-transmission-de-ford-transit-a-deux-pieces\\\/\",\"name\":\"Arbres de Transmission Ford Transit \u00e0 Deux Pi\u00e8ces - Enrique Requena\",\"isPartOf\":{\"@id\":\"https:\\\/\\\/www.enriquerequena.com\\\/fr\\\/#website\"},\"primaryImageOfPage\":{\"@id\":\"https:\\\/\\\/www.enriquerequena.com\\\/fr\\\/arbre-de-transmission-de-ford-transit-a-deux-pieces\\\/#primaryimage\"},\"image\":{\"@id\":\"https:\\\/\\\/www.enriquerequena.com\\\/fr\\\/arbre-de-transmission-de-ford-transit-a-deux-pieces\\\/#primaryimage\"},\"thumbnailUrl\":\"https:\\\/\\\/www.enriquerequena.com\\\/wp-content\\\/uploads\\\/2020\\\/02\\\/arbre-de-tansmission-ford-transit-deux-pieces.jpg\",\"datePublished\":\"2023-10-31T20:46:52+00:00\",\"dateModified\":\"2023-10-31T20:47:13+00:00\",\"description\":\"Arbre de transmission pour Ford Transit \u00e0 Deux Pi\u00e8ces. Ces transmissions sont neuves, fabriqu\u00e9es en Espagne et avec une garantie d'un an.\",\"breadcrumb\":{\"@id\":\"https:\\\/\\\/www.enriquerequena.com\\\/fr\\\/arbre-de-transmission-de-ford-transit-a-deux-pieces\\\/#breadcrumb\"},\"inLanguage\":\"fr-FR\",\"potentialAction\":[{\"@type\":\"ReadAction\",\"target\":[\"https:\\\/\\\/www.enriquerequena.com\\\/fr\\\/arbre-de-transmission-de-ford-transit-a-deux-pieces\\\/\"]}]},{\"@type\":\"ImageObject\",\"inLanguage\":\"fr-FR\",\"@id\":\"https:\\\/\\\/www.enriquerequena.com\\\/fr\\\/arbre-de-transmission-de-ford-transit-a-deux-pieces\\\/#primaryimage\",\"url\":\"https:\\\/\\\/www.enriquerequena.com\\\/wp-content\\\/uploads\\\/2020\\\/02\\\/arbre-de-tansmission-ford-transit-deux-pieces.jpg\",\"contentUrl\":\"https:\\\/\\\/www.enriquerequena.com\\\/wp-content\\\/uploads\\\/2020\\\/02\\\/arbre-de-tansmission-ford-transit-deux-pieces.jpg\",\"width\":1200,\"height\":675,\"caption\":\"Arbre de Transmission de Ford Transit \u00e0 Deux Pi\u00e8ces\"},{\"@type\":\"WebSite\",\"@id\":\"https:\\\/\\\/www.enriquerequena.com\\\/fr\\\/#website\",\"url\":\"https:\\\/\\\/www.enriquerequena.com\\\/fr\\\/\",\"name\":\"ENRIQUE REQUENA\",\"description\":\"Sp\u00e9cialistes des transmissions cardan avec des exp\u00e9ditions dans le monde entier et des pi\u00e8ces d\u00e9tach\u00e9es pour voitures, camions et accessoires \u00e0 Valence, en Espagne. Avec vous depuis 1950!\",\"publisher\":{\"@id\":\"https:\\\/\\\/www.enriquerequena.com\\\/fr\\\/#organization\"},\"potentialAction\":[{\"@type\":\"SearchAction\",\"target\":{\"@type\":\"EntryPoint\",\"urlTemplate\":\"https:\\\/\\\/www.enriquerequena.com\\\/fr\\\/?s={search_term_string}\"},\"query-input\":{\"@type\":\"PropertyValueSpecification\",\"valueRequired\":true,\"valueName\":\"search_term_string\"}}],\"inLanguage\":\"fr-FR\"},{\"@type\":\"Organization\",\"@id\":\"https:\\\/\\\/www.enriquerequena.com\\\/fr\\\/#organization\",\"name\":\"Enrique Requena S.L.\",\"url\":\"https:\\\/\\\/www.enriquerequena.com\\\/fr\\\/\",\"logo\":{\"@type\":\"ImageObject\",\"inLanguage\":\"fr-FR\",\"@id\":\"https:\\\/\\\/www.enriquerequena.com\\\/fr\\\/#\\\/schema\\\/logo\\\/image\\\/\",\"url\":\"https:\\\/\\\/www.enriquerequena.com\\\/wp-content\\\/uploads\\\/2019\\\/11\\\/enrique-requena-recambios-logotipo.jpg\",\"contentUrl\":\"https:\\\/\\\/www.enriquerequena.com\\\/wp-content\\\/uploads\\\/2019\\\/11\\\/enrique-requena-recambios-logotipo.jpg\",\"width\":381,\"height\":75,\"caption\":\"Enrique Requena S.L.\"},\"image\":{\"@id\":\"https:\\\/\\\/www.enriquerequena.com\\\/fr\\\/#\\\/schema\\\/logo\\\/image\\\/\"}},{\"@type\":\"Person\",\"@id\":\"https:\\\/\\\/www.enriquerequena.com\\\/fr\\\/#\\\/schema\\\/person\\\/9c119325b138fa7bddb729030b938fcd\",\"name\":\"Enrique Requena SL\",\"image\":{\"@type\":\"ImageObject\",\"inLanguage\":\"fr-FR\",\"@id\":\"https:\\\/\\\/secure.gravatar.com\\\/avatar\\\/c0533764633d263046c5fc25eaf956dff7d498d6082337aff8e277a0bd8b3478?s=96&d=mm&r=g\",\"url\":\"https:\\\/\\\/secure.gravatar.com\\\/avatar\\\/c0533764633d263046c5fc25eaf956dff7d498d6082337aff8e277a0bd8b3478?s=96&d=mm&r=g\",\"contentUrl\":\"https:\\\/\\\/secure.gravatar.com\\\/avatar\\\/c0533764633d263046c5fc25eaf956dff7d498d6082337aff8e277a0bd8b3478?s=96&d=mm&r=g\",\"caption\":\"Enrique Requena SL\"},\"sameAs\":[\"https:\\\/\\\/www.enriquerequena.com\"]}]}<\/script>\n<!-- \/ Yoast SEO plugin. -->","yoast_head_json":{"title":"Arbres de Transmission Ford Transit \u00e0 Deux Pi\u00e8ces - Enrique Requena","description":"Arbre de transmission pour Ford Transit \u00e0 Deux Pi\u00e8ces. Ces transmissions sont neuves, fabriqu\u00e9es en Espagne et avec une garantie d'un an.","robots":{"index":"index","follow":"follow","max-snippet":"max-snippet:-1","max-image-preview":"max-image-preview:large","max-video-preview":"max-video-preview:-1"},"canonical":"https:\/\/www.enriquerequena.com\/fr\/arbre-de-transmission-de-ford-transit-a-deux-pieces\/","og_locale":"fr_FR","og_type":"article","og_title":"Arbres de Transmission Ford Transit \u00e0 Deux Pi\u00e8ces - Enrique Requena","og_description":"Arbre de transmission pour Ford Transit \u00e0 Deux Pi\u00e8ces. Ces transmissions sont neuves, fabriqu\u00e9es en Espagne et avec une garantie d'un an.","og_url":"https:\/\/www.enriquerequena.com\/fr\/arbre-de-transmission-de-ford-transit-a-deux-pieces\/","og_site_name":"ENRIQUE REQUENA","article_published_time":"2023-10-31T20:46:52+00:00","article_modified_time":"2023-10-31T20:47:13+00:00","og_image":[{"width":1200,"height":675,"url":"https:\/\/www.enriquerequena.com\/wp-content\/uploads\/2020\/02\/arbre-de-tansmission-ford-transit-deux-pieces.jpg","type":"image\/jpeg"}],"author":"Enrique Requena SL","twitter_card":"summary_large_image","twitter_misc":{"\u00c9crit par":"Enrique Requena SL","Dur\u00e9e de lecture estim\u00e9e":"2 minutes"},"schema":{"@context":"https:\/\/schema.org","@graph":[{"@type":"Article","@id":"https:\/\/www.enriquerequena.com\/fr\/arbre-de-transmission-de-ford-transit-a-deux-pieces\/#article","isPartOf":{"@id":"https:\/\/www.enriquerequena.com\/fr\/arbre-de-transmission-de-ford-transit-a-deux-pieces\/"},"author":{"name":"Enrique Requena SL","@id":"https:\/\/www.enriquerequena.com\/fr\/#\/schema\/person\/9c119325b138fa7bddb729030b938fcd"},"headline":"Arbre de Transmission de Ford Transit \u00e0 Deux Pi\u00e8ces","datePublished":"2023-10-31T20:46:52+00:00","dateModified":"2023-10-31T20:47:13+00:00","mainEntityOfPage":{"@id":"https:\/\/www.enriquerequena.com\/fr\/arbre-de-transmission-de-ford-transit-a-deux-pieces\/"},"wordCount":454,"publisher":{"@id":"https:\/\/www.enriquerequena.com\/fr\/#organization"},"image":{"@id":"https:\/\/www.enriquerequena.com\/fr\/arbre-de-transmission-de-ford-transit-a-deux-pieces\/#primaryimage"},"thumbnailUrl":"https:\/\/www.enriquerequena.com\/wp-content\/uploads\/2020\/02\/arbre-de-tansmission-ford-transit-deux-pieces.jpg","articleSection":["Blog"],"inLanguage":"fr-FR"},{"@type":"WebPage","@id":"https:\/\/www.enriquerequena.com\/fr\/arbre-de-transmission-de-ford-transit-a-deux-pieces\/","url":"https:\/\/www.enriquerequena.com\/fr\/arbre-de-transmission-de-ford-transit-a-deux-pieces\/","name":"Arbres de Transmission Ford Transit \u00e0 Deux Pi\u00e8ces - Enrique Requena","isPartOf":{"@id":"https:\/\/www.enriquerequena.com\/fr\/#website"},"primaryImageOfPage":{"@id":"https:\/\/www.enriquerequena.com\/fr\/arbre-de-transmission-de-ford-transit-a-deux-pieces\/#primaryimage"},"image":{"@id":"https:\/\/www.enriquerequena.com\/fr\/arbre-de-transmission-de-ford-transit-a-deux-pieces\/#primaryimage"},"thumbnailUrl":"https:\/\/www.enriquerequena.com\/wp-content\/uploads\/2020\/02\/arbre-de-tansmission-ford-transit-deux-pieces.jpg","datePublished":"2023-10-31T20:46:52+00:00","dateModified":"2023-10-31T20:47:13+00:00","description":"Arbre de transmission pour Ford Transit \u00e0 Deux Pi\u00e8ces. Ces transmissions sont neuves, fabriqu\u00e9es en Espagne et avec une garantie d'un an.","breadcrumb":{"@id":"https:\/\/www.enriquerequena.com\/fr\/arbre-de-transmission-de-ford-transit-a-deux-pieces\/#breadcrumb"},"inLanguage":"fr-FR","potentialAction":[{"@type":"ReadAction","target":["https:\/\/www.enriquerequena.com\/fr\/arbre-de-transmission-de-ford-transit-a-deux-pieces\/"]}]},{"@type":"ImageObject","inLanguage":"fr-FR","@id":"https:\/\/www.enriquerequena.com\/fr\/arbre-de-transmission-de-ford-transit-a-deux-pieces\/#primaryimage","url":"https:\/\/www.enriquerequena.com\/wp-content\/uploads\/2020\/02\/arbre-de-tansmission-ford-transit-deux-pieces.jpg","contentUrl":"https:\/\/www.enriquerequena.com\/wp-content\/uploads\/2020\/02\/arbre-de-tansmission-ford-transit-deux-pieces.jpg","width":1200,"height":675,"caption":"Arbre de Transmission de Ford Transit \u00e0 Deux Pi\u00e8ces"},{"@type":"WebSite","@id":"https:\/\/www.enriquerequena.com\/fr\/#website","url":"https:\/\/www.enriquerequena.com\/fr\/","name":"ENRIQUE REQUENA","description":"Sp\u00e9cialistes des transmissions cardan avec des exp\u00e9ditions dans le monde entier et des pi\u00e8ces d\u00e9tach\u00e9es pour voitures, camions et accessoires \u00e0 Valence, en Espagne. Avec vous depuis 1950!","publisher":{"@id":"https:\/\/www.enriquerequena.com\/fr\/#organization"},"potentialAction":[{"@type":"SearchAction","target":{"@type":"EntryPoint","urlTemplate":"https:\/\/www.enriquerequena.com\/fr\/?s={search_term_string}"},"query-input":{"@type":"PropertyValueSpecification","valueRequired":true,"valueName":"search_term_string"}}],"inLanguage":"fr-FR"},{"@type":"Organization","@id":"https:\/\/www.enriquerequena.com\/fr\/#organization","name":"Enrique Requena S.L.","url":"https:\/\/www.enriquerequena.com\/fr\/","logo":{"@type":"ImageObject","inLanguage":"fr-FR","@id":"https:\/\/www.enriquerequena.com\/fr\/#\/schema\/logo\/image\/","url":"https:\/\/www.enriquerequena.com\/wp-content\/uploads\/2019\/11\/enrique-requena-recambios-logotipo.jpg","contentUrl":"https:\/\/www.enriquerequena.com\/wp-content\/uploads\/2019\/11\/enrique-requena-recambios-logotipo.jpg","width":381,"height":75,"caption":"Enrique Requena S.L."},"image":{"@id":"https:\/\/www.enriquerequena.com\/fr\/#\/schema\/logo\/image\/"}},{"@type":"Person","@id":"https:\/\/www.enriquerequena.com\/fr\/#\/schema\/person\/9c119325b138fa7bddb729030b938fcd","name":"Enrique Requena SL","image":{"@type":"ImageObject","inLanguage":"fr-FR","@id":"https:\/\/secure.gravatar.com\/avatar\/c0533764633d263046c5fc25eaf956dff7d498d6082337aff8e277a0bd8b3478?s=96&d=mm&r=g","url":"https:\/\/secure.gravatar.com\/avatar\/c0533764633d263046c5fc25eaf956dff7d498d6082337aff8e277a0bd8b3478?s=96&d=mm&r=g","contentUrl":"https:\/\/secure.gravatar.com\/avatar\/c0533764633d263046c5fc25eaf956dff7d498d6082337aff8e277a0bd8b3478?s=96&d=mm&r=g","caption":"Enrique Requena SL"},"sameAs":["https:\/\/www.enriquerequena.com"]}]}},"_links":{"self":[{"href":"https:\/\/www.enriquerequena.com\/fr\/wp-json\/wp\/v2\/posts\/10213","targetHints":{"allow":["GET"]}}],"collection":[{"href":"https:\/\/www.enriquerequena.com\/fr\/wp-json\/wp\/v2\/posts"}],"about":[{"href":"https:\/\/www.enriquerequena.com\/fr\/wp-json\/wp\/v2\/types\/post"}],"author":[{"embeddable":true,"href":"https:\/\/www.enriquerequena.com\/fr\/wp-json\/wp\/v2\/users\/16"}],"replies":[{"embeddable":true,"href":"https:\/\/www.enriquerequena.com\/fr\/wp-json\/wp\/v2\/comments?post=10213"}],"version-history":[{"count":0,"href":"https:\/\/www.enriquerequena.com\/fr\/wp-json\/wp\/v2\/posts\/10213\/revisions"}],"wp:featuredmedia":[{"embeddable":true,"href":"https:\/\/www.enriquerequena.com\/fr\/wp-json\/wp\/v2\/media\/18224"}],"wp:attachment":[{"href":"https:\/\/www.enriquerequena.com\/fr\/wp-json\/wp\/v2\/media?parent=10213"}],"wp:term":[{"taxonomy":"category","embeddable":true,"href":"https:\/\/www.enriquerequena.com\/fr\/wp-json\/wp\/v2\/categories?post=10213"},{"taxonomy":"post_tag","embeddable":true,"href":"https:\/\/www.enriquerequena.com\/fr\/wp-json\/wp\/v2\/tags?post=10213"}],"curies":[{"name":"wp","href":"https:\/\/api.w.org\/{rel}","templated":true}]}}